{"id":19790,"date":"2023-10-10T10:45:46","date_gmt":"2023-10-10T08:45:46","guid":{"rendered":"https:\/\/ostomaz.splet.arnes.si\/?p=19790"},"modified":"2023-10-15T17:21:24","modified_gmt":"2023-10-15T15:21:24","slug":"teden-otroka-na-os-sveti-tomaz","status":"publish","type":"post","link":"https:\/\/ostomaz.si\/?p=19790","title":{"rendered":"Teden otroka na O\u0160 Sveti Toma\u017e"},"content":{"rendered":"<p>Kateri zato, odgovarja temu zakaj ?<\/p>\n<p>Tako smo se spra\u0161evali tudi na na\u0161i \u0161oli v tednu otroka.<\/p>\n<p>Vsak razred je praznoval na svojevrsten na\u010din. Privo\u0161\u010dili smo si slastne kostanje, kino dan, sladke dobrote izpod rok u\u010dencev, dan brez doma\u010de naloge, bivali smo v knji\u017enici, iskali smo zanimiva vpra\u0161anja, na katera so sledili \u0161e bolj zanimivi odgovori.<\/p>\n<p>Skupnost u\u010dencev \u0161ole je v sodelovanju z u\u010denci dodatne strokovne pomo\u010di, pripravila plakate z razli\u010dnimi vzorci. Te so lahko u\u010denci prve triade pobarvali, okrasili in dorisali &nbsp;\u0161e kaj svojega, izvirnega.<\/p>\n<p>Za avlo \u0161ole so pripravili plakat s pozitivnimi mislimi.<\/p>\n<p>V tem tednu smo \u0161e posebej razmi\u0161ljali o poklicu u\u010ditelja, saj so tudi ti obele\u017eili svoj praznik. Vse zaposlene na \u0161oli smo obdarili z majhno pozornostjo, sovo.<\/p>\n<p>Zbirali smo stari papir in sku\u0161ali ozave\u0161\u010dati o pomenu skrbi za naravo ter doprinesti v na\u0161 \u0161olski sklad.<\/p>\n<p>Teden otroka je minil v posebnem vzdu\u0161ju povezovanja, sodelovanja, dogovarjanja, izvirnih zakajev in ustvarjalnih zatojev.<\/p>\n<p style=\"text-align: right\">Mentorica SU\u0160:<\/p>\n<p style=\"text-align: right\">Silvija Bel\u0161ak Viher<\/p>\n<p>&nbsp;<\/p>\nngg_shortcode_0_placeholder\n","protected":false},"excerpt":{"rendered":"<p>Kateri zato, odgovarja temu zakaj [&hellip;]<\/p>\n","protected":false},"author":5660,"featured_media":19791,"comment_status":"closed","ping_status":"open","sticky":false,"template":"","format":"standard","meta":{"ngg_post_thumbnail":0,"footnotes":""},"categories":[267],"tags":[],"class_list":["post-19790","post","type-post","status-publish","format-standard","has-post-thumbnail","hentry","category-novice"],"_links":{"self":[{"href":"https:\/\/ostomaz.si\/index.php?rest_route=\/wp\/v2\/posts\/19790","targetHints":{"allow":["GET"]}}],"collection":[{"href":"https:\/\/ostomaz.si\/index.php?rest_route=\/wp\/v2\/posts"}],"about":[{"href":"https:\/\/ostomaz.si\/index.php?rest_route=\/wp\/v2\/types\/post"}],"author":[{"embeddable":true,"href":"https:\/\/ostomaz.si\/index.php?rest_route=\/wp\/v2\/users\/5660"}],"replies":[{"embeddable":true,"href":"https:\/\/ostomaz.si\/index.php?rest_route=%2Fwp%2Fv2%2Fcomments&post=19790"}],"version-history":[{"count":2,"href":"https:\/\/ostomaz.si\/index.php?rest_route=\/wp\/v2\/posts\/19790\/revisions"}],"predecessor-version":[{"id":20038,"href":"https:\/\/ostomaz.si\/index.php?rest_route=\/wp\/v2\/posts\/19790\/revisions\/20038"}],"wp:featuredmedia":[{"embeddable":true,"href":"https:\/\/ostomaz.si\/index.php?rest_route=\/wp\/v2\/media\/19791"}],"wp:attachment":[{"href":"https:\/\/ostomaz.si\/index.php?rest_route=%2Fwp%2Fv2%2Fmedia&parent=19790"}],"wp:term":[{"taxonomy":"category","embeddable":true,"href":"https:\/\/ostomaz.si\/index.php?rest_route=%2Fwp%2Fv2%2Fcategories&post=19790"},{"taxonomy":"post_tag","embeddable":true,"href":"https:\/\/ostomaz.si\/index.php?rest_route=%2Fwp%2Fv2%2Ftags&post=19790"}],"curies":[{"name":"wp","href":"https:\/\/api.w.org\/{rel}","templated":true}]}}