{"id":18907,"date":"2023-04-25T10:13:42","date_gmt":"2023-04-25T08:13:42","guid":{"rendered":"https:\/\/ostomaz.splet.arnes.si\/?p=18907"},"modified":"2023-04-25T10:13:42","modified_gmt":"2023-04-25T08:13:42","slug":"33-nacionalni-otroski-parlament","status":"publish","type":"post","link":"https:\/\/ostomaz.si\/?p=18907","title":{"rendered":"33. nacionalni otro\u0161ki parlament"},"content":{"rendered":"<p><img loading=\"lazy\" decoding=\"async\" class=\"aligncenter size-large wp-image-18909\" src=\"https:\/\/ostomaz.si\/files\/2023\/04\/20230411_092001-1024x768.jpg\" alt=\"\" width=\"887\" height=\"665\" srcset=\"https:\/\/ostomaz.si\/files\/2023\/04\/20230411_092001-1024x768.jpg 1024w, https:\/\/ostomaz.si\/files\/2023\/04\/20230411_092001-300x225.jpg 300w, https:\/\/ostomaz.si\/files\/2023\/04\/20230411_092001-768x576.jpg 768w, https:\/\/ostomaz.si\/files\/2023\/04\/20230411_092001-1536x1152.jpg 1536w, https:\/\/ostomaz.si\/files\/2023\/04\/20230411_092001-2048x1536.jpg 2048w, https:\/\/ostomaz.si\/files\/2023\/04\/20230411_092001-947x710.jpg 947w, https:\/\/ostomaz.si\/files\/2023\/04\/20230411_092001-624x468.jpg 624w\" sizes=\"auto, (max-width: 887px) 100vw, 887px\" \/><\/p>\n<p>V torek 11. aprila 2023 sva se Alisa in Leja iz osmega razreda udele\u017eili 33. Nacionalnega otro\u0161kega parlamenta v Ljubljani, na katerem so mladi parlamentarci razpravljali na temo Du\u0161evno zdravje otrok in mladih. Leja je imela vlogo parlamentarke, jaz (Alisa) pa vlogo novinarke.<\/p>\n<p>\u017de zgodaj zjutraj v torek ob 6. 00 smo se u\u010denci in mentorji bli\u017enjih ob\u010din zbrali na Ptuju in se odpeljali proti Ljubljani. Spotoma smo pobrali \u0161e nekaj u\u010dencev in vsi vzhi\u010deni in vznemirjeni prispeli v Ljubljano pred Dr\u017eavni zbor. Na hitro smo se \u0161e fotografirali, prejeli vsak svojo sponko z imenom in vstopili v parlament.<\/p>\n<p>Ob 9. 00 se je za\u010del 33. Nacionalni otro\u0161ki parlament. Z u\u010diteljico sva dogajanje spremljali iz balkona, Leja pa je sedela spodaj v veliki dvorani. Najprej nas je pozdravil Vid \u017dvegli\u010d, ki je bil predsednik otro\u0161kega parlamenta in tri dekleta, ki so zastopale regije Slovenije. Nagovor sta imeli \u0161e predsednica Dr\u017eavnega zbora Republike Slovenije ga. Ur\u0161ka Klako\u010dar Zupan\u010di\u010d in predsednica Zveze prijateljev mladine Slovenije ga. Darja Groznik.<\/p>\n<p>Ob 9.35 se je 118 mladih parlamentarcev razdelilo v 4 skupine, kjer so razpravljali o osrednji temi Du\u0161evno zdravje otrok in mladih oz. \u0161tirih podtemah: \u00bbKaj je du\u0161evno zdravje\u00ab, \u00bbVpliv okolja na moje du\u0161evno zdravje\u00ab, \u00bbMoji viri pomo\u010di\u00ab in \u00bbSpremembe za krepitev mojega razvoja\u00ab. Mi novinarji pa smo lahko spremljali razpravo po vseh \u0161tirih skupinah, oz. smo se sprehajali od skupine do skupine, saj so bile razporejene po razli\u010dnih prostorih parlamenta.<\/p>\n<p><strong><em> <img loading=\"lazy\" decoding=\"async\" class=\"aligncenter size-large wp-image-18910\" src=\"https:\/\/ostomaz.si\/files\/2023\/04\/20230411_084045-768x1024.jpg\" alt=\"\" width=\"768\" height=\"1024\" srcset=\"https:\/\/ostomaz.si\/files\/2023\/04\/20230411_084045-768x1024.jpg 768w, https:\/\/ostomaz.si\/files\/2023\/04\/20230411_084045-225x300.jpg 225w, https:\/\/ostomaz.si\/files\/2023\/04\/20230411_084045-1152x1536.jpg 1152w, https:\/\/ostomaz.si\/files\/2023\/04\/20230411_084045-1536x2048.jpg 1536w, https:\/\/ostomaz.si\/files\/2023\/04\/20230411_084045-947x1263.jpg 947w, https:\/\/ostomaz.si\/files\/2023\/04\/20230411_084045-624x832.jpg 624w, https:\/\/ostomaz.si\/files\/2023\/04\/20230411_084045-scaled.jpg 1920w\" sizes=\"auto, (max-width: 768px) 100vw, 768px\" \/><\/em><\/strong><\/p>\n<p><strong><em>Plenarni del zasedanja<\/em><\/strong><\/p>\n<p>Ob 12. 00 se je za\u010del plenarni del zasedanja. Sledilo je poro\u010danje o delu v skupinah. Vsaka skupina je imela svojega zapisnika, ki je nato predstavil njihovo podtemo, oz. njihove ugotovitve, re\u0161itve. Za vsako skupino je sledila 20 minutna plenarna razprava. Pridru\u017eili so se nam \u0161e \u0161tevilni gostje, med njimi tudi predsednik Vlade RS, dr. Robert Golob.<\/p>\n<ul>\n<li>Prva je bila na vrsti skupina <strong>Kaj je du\u0161evno zdravje?<\/strong> Razpravljali so o dveh tematikah in sicer PROBLEMIH du\u0161evnega zdravja in RE\u0160ITVAH.<\/li>\n<\/ul>\n<p>PROBLEMI: o du\u0161evnem zdravju se ne pogovarjamo dovolj; nismo dovolj izobra\u017eeni; socialna omre\u017eja mo\u010dno vplivajo na na\u0161o samopodobo; v primeru motenj du\u0161evnega zdravja ne vemo na koga se obrnit (vrstnik ali strokovnjak); dru\u017eba ni dovolj izobra\u017eena; pomanjkanje strokovnjakov (psihiatrov) &#8211; dolga \u010dakalna doba in pomanjkanje zaupanja med u\u010denci in u\u010ditelji.<\/p>\n<p>RE\u0160ITVE: ve\u010d pogovora; normaliziranje pojma du\u0161evno zdravje; ve\u010d knjig o samopomo\u010di; delavnice (izobra\u017eevanja) na temo du\u0161evno zdravje.<\/p>\n<ul>\n<li>Druga po vrsti je bila skupina: <strong>Vpliv okolja na moje du\u0161evno zdravje. <\/strong>Tudi oni so razpravljali o dveh tematikah in sicer: Slabi vplivi okolja in dobri vplivi okolja na moje du\u0161evno zdravje.<\/li>\n<\/ul>\n<p><img loading=\"lazy\" decoding=\"async\" class=\"aligncenter size-large wp-image-18911\" src=\"https:\/\/ostomaz.si\/files\/2023\/04\/20230411_084222-768x1024.jpg\" alt=\"\" width=\"768\" height=\"1024\" srcset=\"https:\/\/ostomaz.si\/files\/2023\/04\/20230411_084222-768x1024.jpg 768w, https:\/\/ostomaz.si\/files\/2023\/04\/20230411_084222-225x300.jpg 225w, https:\/\/ostomaz.si\/files\/2023\/04\/20230411_084222-1152x1536.jpg 1152w, https:\/\/ostomaz.si\/files\/2023\/04\/20230411_084222-1536x2048.jpg 1536w, https:\/\/ostomaz.si\/files\/2023\/04\/20230411_084222-947x1263.jpg 947w, https:\/\/ostomaz.si\/files\/2023\/04\/20230411_084222-624x832.jpg 624w, https:\/\/ostomaz.si\/files\/2023\/04\/20230411_084222-scaled.jpg 1920w\" sizes=\"auto, (max-width: 768px) 100vw, 768px\" \/><\/p>\n<p>SLABI VPLIVI OKOLJA: rev\u0161\u010dina; napa\u010dna dru\u017eba; socialna omre\u017eja; previsoka pri\u010dakovanja (zahteve) od \u0161ole in drugih; stres; slaba dru\u017einska razmerja; selitve; nasilje na spletu\u2026<\/p>\n<p>DOBRI VPLIVI OKOLJA: poglobljeni pogovori; podpora vrstnikov\/prijateljev; uspeh v \u0161oli (dobre ocene)\u2026<\/p>\n<p>Na plenarni razpravi so mladi parlamentarci predlagali: da bi vsaka sola imela vsaj enega terapevta; delavnice v \u0161oli s star\u0161i.<\/p>\n<p>Govor je bil tudi o nadarjenih u\u010dencih. Parlamentarci si \u017eelijo testiranja nadarjenosti vseh u\u010dencev, saj nekateri u\u010denci v sebi skrivajo talente na drugih podro\u010djih, ki jih u\u010ditelji ne opazijo.<\/p>\n<ul>\n<li>Tretja razprava je potekala o temi: <strong>Moji viri pomo\u010di<\/strong>. Najprej se je predstavila skupina, ki je o tem razpravljala.<\/li>\n<\/ul>\n<p>Ugotovili so, da je lahko vsak vir slab ali dober npr. vpliv medijev<strong>. Najpomembnej\u0161i vir pa smo mi sami<\/strong> &#8211; s tem, da imamo pozitivno samopodobo in si izbolj\u0161amo svojo samozavest (postavljanje ciljev, ki jih \u017eelimo dose\u010di; najti svoje dobro podro\u010dje; primerjanje s sabo ne z drugimi; samokritika; sprejetje poraza&#8230;). Poudarili so tudi, da je pomembno da so notranji viri in zunanji viri v ravnovesju &#8211; se povezujejo.<\/p>\n<p>Na plenarni razpravi so parlamentarci \u0161e dodali: da je pomembno dobro poznati samega sebe in dati podporo prijatelju. Predlagali so tudi, da bi u\u010ditelji in u\u010denci morali povezati bolj oseben stik in opozorili na klice na TOM telefon z zabave oz. predlagali bolj\u0161i sistem TOM telefona.<\/p>\n<p><img loading=\"lazy\" decoding=\"async\" class=\"aligncenter size-large wp-image-18912\" src=\"https:\/\/ostomaz.si\/files\/2023\/04\/20230411_120101-1024x768.jpg\" alt=\"\" width=\"887\" height=\"665\" srcset=\"https:\/\/ostomaz.si\/files\/2023\/04\/20230411_120101-1024x768.jpg 1024w, https:\/\/ostomaz.si\/files\/2023\/04\/20230411_120101-300x225.jpg 300w, https:\/\/ostomaz.si\/files\/2023\/04\/20230411_120101-768x576.jpg 768w, https:\/\/ostomaz.si\/files\/2023\/04\/20230411_120101-1536x1152.jpg 1536w, https:\/\/ostomaz.si\/files\/2023\/04\/20230411_120101-2048x1536.jpg 2048w, https:\/\/ostomaz.si\/files\/2023\/04\/20230411_120101-947x710.jpg 947w, https:\/\/ostomaz.si\/files\/2023\/04\/20230411_120101-624x468.jpg 624w\" sizes=\"auto, (max-width: 887px) 100vw, 887px\" \/><\/p>\n<ul>\n<li>Na koncu je bila \u0161e \u010detrta skupina s podnaslovom: <strong>Spremembe za krepitev mojega razvoja<\/strong><\/li>\n<\/ul>\n<p>PREDLAGALI SO:&nbsp; napovedana spra\u0161evanja v \u0161oli; predavanja (Kako prisluhniti otroku; Kako komunicirati s otrokom; Odnos med star\u0161em in otrokom\u2026.); predmet v \u0161oli pri katerem bi nas u\u010dili o splo\u0161nem znanju v \u017eivljenju (gospodinjska opravila, pla\u010devanje polo\u017enic\u2026); obvezen ra\u010dunalni\u0161ki pouk; ve\u010d medpredmetnega povezovanja; ve\u010d dela v skupinah, na prostem; ve\u010d predstavitev v \u0161oli; rekreativni odmori.<\/p>\n<p>Po dveh urah plenarnega zasedanja v veliki dvorani, nam je na koncu nekaj besed namenil tudi predsednik Vlade RS, dr. Robert Golob.<\/p>\n<p><img loading=\"lazy\" decoding=\"async\" class=\"aligncenter size-large wp-image-18913\" src=\"https:\/\/ostomaz.si\/files\/2023\/04\/20230411_193547-1024x580.jpg\" alt=\"\" width=\"887\" height=\"502\" srcset=\"https:\/\/ostomaz.si\/files\/2023\/04\/20230411_193547-1024x580.jpg 1024w, https:\/\/ostomaz.si\/files\/2023\/04\/20230411_193547-300x170.jpg 300w, https:\/\/ostomaz.si\/files\/2023\/04\/20230411_193547-768x435.jpg 768w, https:\/\/ostomaz.si\/files\/2023\/04\/20230411_193547-1536x870.jpg 1536w, https:\/\/ostomaz.si\/files\/2023\/04\/20230411_193547-2048x1160.jpg 2048w, https:\/\/ostomaz.si\/files\/2023\/04\/20230411_193547-947x536.jpg 947w, https:\/\/ostomaz.si\/files\/2023\/04\/20230411_193547-624x353.jpg 624w\" sizes=\"auto, (max-width: 887px) 100vw, 887px\" \/><\/p>\n<p>Zaklju\u010dili smo \u0161e s spominskim fotografiranjem v dvorani in kosilom v restavraciji Dr\u017eavnega zbora.<\/p>\n<p>Domov smo od\u0161li z veliko ve\u010d znanja, neponovljivimi izku\u0161njami in nasmejanimi obrazi.<\/p>\n<p>Alisa Petrena<\/p>\n","protected":false},"excerpt":{"rendered":"<p>V torek 11. aprila 2023 [&hellip;]<\/p>\n","protected":false},"author":735,"featured_media":18908,"comment_status":"closed","ping_status":"open","sticky":false,"template":"","format":"standard","meta":{"ngg_post_thumbnail":0,"footnotes":""},"categories":[267],"tags":[],"class_list":["post-18907","post","type-post","status-publish","format-standard","has-post-thumbnail","hentry","category-novice"],"_links":{"self":[{"href":"https:\/\/ostomaz.si\/index.php?rest_route=\/wp\/v2\/posts\/18907","targetHints":{"allow":["GET"]}}],"collection":[{"href":"https:\/\/ostomaz.si\/index.php?rest_route=\/wp\/v2\/posts"}],"about":[{"href":"https:\/\/ostomaz.si\/index.php?rest_route=\/wp\/v2\/types\/post"}],"author":[{"embeddable":true,"href":"https:\/\/ostomaz.si\/index.php?rest_route=\/wp\/v2\/users\/735"}],"replies":[{"embeddable":true,"href":"https:\/\/ostomaz.si\/index.php?rest_route=%2Fwp%2Fv2%2Fcomments&post=18907"}],"version-history":[{"count":1,"href":"https:\/\/ostomaz.si\/index.php?rest_route=\/wp\/v2\/posts\/18907\/revisions"}],"predecessor-version":[{"id":18914,"href":"https:\/\/ostomaz.si\/index.php?rest_route=\/wp\/v2\/posts\/18907\/revisions\/18914"}],"wp:featuredmedia":[{"embeddable":true,"href":"https:\/\/ostomaz.si\/index.php?rest_route=\/wp\/v2\/media\/18908"}],"wp:attachment":[{"href":"https:\/\/ostomaz.si\/index.php?rest_route=%2Fwp%2Fv2%2Fmedia&parent=18907"}],"wp:term":[{"taxonomy":"category","embeddable":true,"href":"https:\/\/ostomaz.si\/index.php?rest_route=%2Fwp%2Fv2%2Fcategories&post=18907"},{"taxonomy":"post_tag","embeddable":true,"href":"https:\/\/ostomaz.si\/index.php?rest_route=%2Fwp%2Fv2%2Ftags&post=18907"}],"curies":[{"name":"wp","href":"https:\/\/api.w.org\/{rel}","templated":true}]}}