{"id":16231,"date":"2021-11-22T22:48:25","date_gmt":"2021-11-22T21:48:25","guid":{"rendered":"https:\/\/ostomaz.splet.arnes.si\/?p=16231"},"modified":"2021-12-14T13:15:04","modified_gmt":"2021-12-14T12:15:04","slug":"dan-rudolfa-maistra-2","status":"publish","type":"post","link":"https:\/\/ostomaz.si\/?p=16231","title":{"rendered":"Dan Rudolfa Maistra"},"content":{"rendered":"<h4 style=\"text-align: center\">Leto\u0161nje leto smo 23. november, dr\u017eavni praznik, dan Rudolfa Maistra obele\u017eili na druga\u010den na\u010din kot obi\u010dajno, a vendarle ni\u010d manj s ponosom in spo\u0161tovanjem do dejanj generala Maistra in njegovih borcev.<\/h4>\n<h4 style=\"text-align: center\">Glede na trenutno epidemiolo\u0161ko situacijo in navodila ter priporo\u010dila pristojnih institucij \u017eal nismo mogli izpeljati kulturne minutke v \u017eivo, a smo se vseeno odlo\u010dili, da se ne predamo in pripravimo\u00a0video vsebino, v okviru katere smo se spomnili na veli\u010dino generala Rudolfa Maistra in njegovih borcev.<\/h4>\n<h2 style=\"text-align: center\"><a href=\"https:\/\/video.arnes.si\/watch\/wh4hph7pbl6l\">KLIK NA VIDEO<\/a><\/h2>\n<p>&nbsp;<\/p>\n<p><img loading=\"lazy\" decoding=\"async\" class=\"aligncenter  wp-image-16264\" src=\"https:\/\/ostomaz.si\/files\/2021\/11\/Maisters_fighters_in_carinthia.pdf.jpg\" alt=\"\" width=\"381\" height=\"243\" srcset=\"https:\/\/ostomaz.si\/files\/2021\/11\/Maisters_fighters_in_carinthia.pdf.jpg 800w, https:\/\/ostomaz.si\/files\/2021\/11\/Maisters_fighters_in_carinthia.pdf-300x191.jpg 300w, https:\/\/ostomaz.si\/files\/2021\/11\/Maisters_fighters_in_carinthia.pdf-768x490.jpg 768w, https:\/\/ostomaz.si\/files\/2021\/11\/Maisters_fighters_in_carinthia.pdf-624x398.jpg 624w\" sizes=\"auto, (max-width: 381px) 100vw, 381px\" \/><\/p>\n<p style=\"text-align: center\">Vir slike: https:\/\/sl.wikipedia.org\/wiki\/Rudolf_Maister<\/p>\n<p>&nbsp;<\/p>\n<p><img loading=\"lazy\" decoding=\"async\" class=\"aligncenter  wp-image-16265\" src=\"https:\/\/ostomaz.si\/files\/2021\/11\/Rudolf_Maister_1910s_2.jpg\" alt=\"\" width=\"377\" height=\"610\" srcset=\"https:\/\/ostomaz.si\/files\/2021\/11\/Rudolf_Maister_1910s_2.jpg 500w, https:\/\/ostomaz.si\/files\/2021\/11\/Rudolf_Maister_1910s_2-186x300.jpg 186w\" sizes=\"auto, (max-width: 377px) 100vw, 377px\" \/><\/p>\n<p style=\"text-align: center\">Vir slike: https:\/\/sl.wikipedia.org\/wiki\/Rudolf_Maister<\/p>\n<p>&nbsp;<\/p>\n","protected":false},"excerpt":{"rendered":"<p>Leto\u0161nje leto smo 23. november, [&hellip;]<\/p>\n","protected":false},"author":7354,"featured_media":16232,"comment_status":"closed","ping_status":"open","sticky":false,"template":"","format":"standard","meta":{"ngg_post_thumbnail":0,"footnotes":""},"categories":[267],"tags":[],"class_list":["post-16231","post","type-post","status-publish","format-standard","has-post-thumbnail","hentry","category-novice"],"_links":{"self":[{"href":"https:\/\/ostomaz.si\/index.php?rest_route=\/wp\/v2\/posts\/16231","targetHints":{"allow":["GET"]}}],"collection":[{"href":"https:\/\/ostomaz.si\/index.php?rest_route=\/wp\/v2\/posts"}],"about":[{"href":"https:\/\/ostomaz.si\/index.php?rest_route=\/wp\/v2\/types\/post"}],"author":[{"embeddable":true,"href":"https:\/\/ostomaz.si\/index.php?rest_route=\/wp\/v2\/users\/7354"}],"replies":[{"embeddable":true,"href":"https:\/\/ostomaz.si\/index.php?rest_route=%2Fwp%2Fv2%2Fcomments&post=16231"}],"version-history":[{"count":5,"href":"https:\/\/ostomaz.si\/index.php?rest_route=\/wp\/v2\/posts\/16231\/revisions"}],"predecessor-version":[{"id":16267,"href":"https:\/\/ostomaz.si\/index.php?rest_route=\/wp\/v2\/posts\/16231\/revisions\/16267"}],"wp:featuredmedia":[{"embeddable":true,"href":"https:\/\/ostomaz.si\/index.php?rest_route=\/wp\/v2\/media\/16232"}],"wp:attachment":[{"href":"https:\/\/ostomaz.si\/index.php?rest_route=%2Fwp%2Fv2%2Fmedia&parent=16231"}],"wp:term":[{"taxonomy":"category","embeddable":true,"href":"https:\/\/ostomaz.si\/index.php?rest_route=%2Fwp%2Fv2%2Fcategories&post=16231"},{"taxonomy":"post_tag","embeddable":true,"href":"https:\/\/ostomaz.si\/index.php?rest_route=%2Fwp%2Fv2%2Ftags&post=16231"}],"curies":[{"name":"wp","href":"https:\/\/api.w.org\/{rel}","templated":true}]}}